{"id":930,"date":"2022-07-12T12:12:00","date_gmt":"2022-07-12T10:12:00","guid":{"rendered":"https:\/\/jdnd.mood.asso.fr\/equipe\/?p=930"},"modified":"2022-11-09T12:42:29","modified_gmt":"2022-11-09T11:42:29","slug":"reunion-dinformation-jouons-de-nos-differences-2023","status":"publish","type":"post","link":"https:\/\/jdnd.mood.asso.fr\/equipe\/2022\/07\/12\/reunion-dinformation-jouons-de-nos-differences-2023\/","title":{"rendered":"R\u00e9union d\u2019information Jouons de nos diff\u00e9rences 2023"},"content":{"rendered":"\n<p>Mesdames et Messieurs,<\/p>\n\n\n\n<p>Comme vous le savez depuis quelques temps d\u00e9j\u00e0, la r\u00e9organisation li\u00e9e \u00e0 la nouvelle existence de la Direction de l\u2019Action Sociale et au d\u00e9part de Marie-H\u00e9l\u00e8ne REMIGIUS en 2023 nous poussent \u00e0 engager une r\u00e9flexion sur la r\u00e9organisation des missions du service de la mission handicap qui seront progressivement port\u00e9es par le service Autonomie et plus particuli\u00e8rement par Elodie BONTEMPS.<\/p>\n\n\n\n<p>\u00ab Jouons de nos diff\u00e9rences \u00bb est une action phare de sensibilisation aux handicaps aupr\u00e8s du grand public et nous tenons \u00e0 ce qu\u2019elle puisse se poursuivre dans les ann\u00e9es \u00e0 venir.<\/p>\n\n\n\n<p>Je vous propose d\u2019envisager ensemble un nouveau mod\u00e8le de portage de cette action.<\/p>\n\n\n\n<p>Aussi, afin de vous faire part des pistes de r\u00e9ponses que nous avons imagin\u00e9 et de les enrichir de vos r\u00e9flexions, je vous invite \u00e0 une rencontre le Jeudi 22 septembre 2022 \u00e0 14h30 &#8211; Salle de conf\u00e9rence du rez-de-chauss\u00e9e de la Maison des Associations, situ\u00e9e au 2 rue des Corroyeurs.<\/p>\n\n\n\n<p>Je vous remercie de confirmer votre pr\u00e9sence aupr\u00e8s d\u2019Elodie CHETTA, en copie de ce mail.<\/p>\n\n\n\n<p>Bien cordialement,<\/p>\n\n\n\n<p>Fabrice Heitzmann<br>Directeur de l\u2019action sociale<br>Ville de Dijon \/ Dijon m\u00e9tropole<br>06.99.92.80.45<\/p>\n","protected":false},"excerpt":{"rendered":"<p>Mesdames et Messieurs, Comme vous le savez depuis quelques temps d\u00e9j\u00e0, la r\u00e9organisation li\u00e9e \u00e0 la nouvelle existence de la Direction de l\u2019Action Sociale et au d\u00e9part de Marie-H\u00e9l\u00e8ne REMIGIUS en 2023 nous poussent \u00e0 engager une r\u00e9flexion sur la r\u00e9organisation des missions du service de la mission handicap qui seront progressivement port\u00e9es par le [&hellip;]<\/p>\n","protected":false},"author":1,"featured_media":0,"comment_status":"open","ping_status":"open","sticky":false,"template":"","format":"standard","meta":{"_uag_custom_page_level_css":"","hide_page_title":"","footnotes":""},"categories":[11],"tags":[],"class_list":["post-930","post","type-post","status-publish","format-standard","hentry","category-jdnd2023"],"uagb_featured_image_src":{"full":false,"thumbnail":false,"medium":false,"medium_large":false,"large":false,"1536x1536":false,"2048x2048":false},"uagb_author_info":{"display_name":"stefhan","author_link":"https:\/\/jdnd.mood.asso.fr\/equipe\/author\/stefhan\/"},"uagb_comment_info":0,"uagb_excerpt":"Mesdames et Messieurs, Comme vous le savez depuis quelques temps d\u00e9j\u00e0, la r\u00e9organisation li\u00e9e \u00e0 la nouvelle existence de la Direction de l\u2019Action Sociale et au d\u00e9part de Marie-H\u00e9l\u00e8ne REMIGIUS en 2023 nous poussent \u00e0 engager une r\u00e9flexion sur la r\u00e9organisation des missions du service de la mission handicap qui seront progressivement port\u00e9es par le\u2026","_links":{"self":[{"href":"https:\/\/jdnd.mood.asso.fr\/equipe\/wp-json\/wp\/v2\/posts\/930","targetHints":{"allow":["GET"]}}],"collection":[{"href":"https:\/\/jdnd.mood.asso.fr\/equipe\/wp-json\/wp\/v2\/posts"}],"about":[{"href":"https:\/\/jdnd.mood.asso.fr\/equipe\/wp-json\/wp\/v2\/types\/post"}],"author":[{"embeddable":true,"href":"https:\/\/jdnd.mood.asso.fr\/equipe\/wp-json\/wp\/v2\/users\/1"}],"replies":[{"embeddable":true,"href":"https:\/\/jdnd.mood.asso.fr\/equipe\/wp-json\/wp\/v2\/comments?post=930"}],"version-history":[{"count":1,"href":"https:\/\/jdnd.mood.asso.fr\/equipe\/wp-json\/wp\/v2\/posts\/930\/revisions"}],"predecessor-version":[{"id":931,"href":"https:\/\/jdnd.mood.asso.fr\/equipe\/wp-json\/wp\/v2\/posts\/930\/revisions\/931"}],"wp:attachment":[{"href":"https:\/\/jdnd.mood.asso.fr\/equipe\/wp-json\/wp\/v2\/media?parent=930"}],"wp:term":[{"taxonomy":"category","embeddable":true,"href":"https:\/\/jdnd.mood.asso.fr\/equipe\/wp-json\/wp\/v2\/categories?post=930"},{"taxonomy":"post_tag","embeddable":true,"href":"https:\/\/jdnd.mood.asso.fr\/equipe\/wp-json\/wp\/v2\/tags?post=930"}],"curies":[{"name":"wp","href":"https:\/\/api.w.org\/{rel}","templated":true}]}}