{"id":828,"date":"2022-02-08T13:12:05","date_gmt":"2022-02-08T12:12:05","guid":{"rendered":"https:\/\/jdnd.mood.asso.fr\/equipe\/?p=828"},"modified":"2022-02-16T14:59:50","modified_gmt":"2022-02-16T13:59:50","slug":"annonce-jdnd-2022","status":"publish","type":"post","link":"https:\/\/jdnd.mood.asso.fr\/equipe\/2022\/02\/08\/annonce-jdnd-2022\/","title":{"rendered":"Annonce JDND 2022"},"content":{"rendered":"\n<p>&#x2600;&#xfe0f;&#xfe0f;&#x1f333; Un petit bonjour frais et ensoleill\u00e9 depuis le CCAS de la Ville de Dijon pour vous annoncer l&rsquo;\u00e9dtion 2022 de \u00ab\u00a0Jouons de nos diff\u00e9rences\u00a0\u00bb !<\/p>\n\n\n\n<figure class=\"wp-block-embed is-type-video is-provider-vimeo wp-block-embed-vimeo wp-embed-aspect-16-9 wp-has-aspect-ratio\"><div class=\"wp-block-embed__wrapper\">\n<iframe loading=\"lazy\" title=\"JDND 2022 \u2014 Teaser\" src=\"https:\/\/player.vimeo.com\/video\/674624308?dnt=1&amp;app_id=122963\" width=\"660\" height=\"371\" frameborder=\"0\" allow=\"autoplay; fullscreen; picture-in-picture; clipboard-write; encrypted-media\"><\/iframe>\n<\/div><figcaption>N&rsquo;oubliez pas\u00a0<a rel=\"noreferrer noopener\" href=\"https:\/\/www.jouonsdenosdifferences.fr\/jouer\/soustitres\/\" target=\"_blank\">d&rsquo;activer les sous-titres<\/a>\u00a0si besoin !<\/figcaption><\/figure>\n\n\n\n<p>Vous connaissez la langue des signes ? Vous avez envie de participer ?<br>Nous avons tous h\u00e2te de vous retrouver le samedi 21 mai 2022 au Parc de la Colombi\u00e8re !&#xfe0f;&#xfe0f; &#x1f333;&#x2600;&#xfe0f;&#xfe0f;<\/p>\n\n\n\n<p>\u00c9v\u00e8nement Facebook \u00e0 partager :<br><a rel=\"noreferrer noopener\" href=\"https:\/\/www.facebook.com\/events\/477892280629098\" target=\"_blank\">facebook.com\/events\/477892280629098<\/a><\/p>\n","protected":false},"excerpt":{"rendered":"<p>&#x2600;&#xfe0f;&#xfe0f;&#x1f333; Un petit bonjour frais et ensoleill\u00e9 depuis le CCAS de la Ville de Dijon pour vous annoncer l&rsquo;\u00e9dtion 2022 de \u00ab\u00a0Jouons de nos diff\u00e9rences\u00a0\u00bb ! Vous connaissez la langue des signes ? Vous avez envie de participer ?Nous avons tous h\u00e2te de vous retrouver le samedi 21 mai 2022 au Parc de la Colombi\u00e8re [&hellip;]<\/p>\n","protected":false},"author":1,"featured_media":0,"comment_status":"open","ping_status":"open","sticky":false,"template":"","format":"standard","meta":{"_uag_custom_page_level_css":"","hide_page_title":"","footnotes":""},"categories":[9],"tags":[],"class_list":["post-828","post","type-post","status-publish","format-standard","hentry","category-jdnd2022"],"uagb_featured_image_src":{"full":false,"thumbnail":false,"medium":false,"medium_large":false,"large":false,"1536x1536":false,"2048x2048":false},"uagb_author_info":{"display_name":"stefhan","author_link":"https:\/\/jdnd.mood.asso.fr\/equipe\/author\/stefhan\/"},"uagb_comment_info":0,"uagb_excerpt":"&#x2600;&#xfe0f;&#xfe0f;&#x1f333; Un petit bonjour frais et ensoleill\u00e9 depuis le CCAS de la Ville de Dijon pour vous annoncer l&rsquo;\u00e9dtion 2022 de \u00ab\u00a0Jouons de nos diff\u00e9rences\u00a0\u00bb ! Vous connaissez la langue des signes ? Vous avez envie de participer ?Nous avons tous h\u00e2te de vous retrouver le samedi 21 mai 2022 au Parc de la Colombi\u00e8re\u2026","_links":{"self":[{"href":"https:\/\/jdnd.mood.asso.fr\/equipe\/wp-json\/wp\/v2\/posts\/828","targetHints":{"allow":["GET"]}}],"collection":[{"href":"https:\/\/jdnd.mood.asso.fr\/equipe\/wp-json\/wp\/v2\/posts"}],"about":[{"href":"https:\/\/jdnd.mood.asso.fr\/equipe\/wp-json\/wp\/v2\/types\/post"}],"author":[{"embeddable":true,"href":"https:\/\/jdnd.mood.asso.fr\/equipe\/wp-json\/wp\/v2\/users\/1"}],"replies":[{"embeddable":true,"href":"https:\/\/jdnd.mood.asso.fr\/equipe\/wp-json\/wp\/v2\/comments?post=828"}],"version-history":[{"count":3,"href":"https:\/\/jdnd.mood.asso.fr\/equipe\/wp-json\/wp\/v2\/posts\/828\/revisions"}],"predecessor-version":[{"id":832,"href":"https:\/\/jdnd.mood.asso.fr\/equipe\/wp-json\/wp\/v2\/posts\/828\/revisions\/832"}],"wp:attachment":[{"href":"https:\/\/jdnd.mood.asso.fr\/equipe\/wp-json\/wp\/v2\/media?parent=828"}],"wp:term":[{"taxonomy":"category","embeddable":true,"href":"https:\/\/jdnd.mood.asso.fr\/equipe\/wp-json\/wp\/v2\/categories?post=828"},{"taxonomy":"post_tag","embeddable":true,"href":"https:\/\/jdnd.mood.asso.fr\/equipe\/wp-json\/wp\/v2\/tags?post=828"}],"curies":[{"name":"wp","href":"https:\/\/api.w.org\/{rel}","templated":true}]}}