{"id":812,"date":"2021-10-12T10:00:00","date_gmt":"2021-10-12T08:00:00","guid":{"rendered":"https:\/\/jdnd.mood.asso.fr\/equipe\/?p=812"},"modified":"2021-12-30T21:00:24","modified_gmt":"2021-12-30T20:00:24","slug":"reunion-jdnd-2022","status":"publish","type":"post","link":"https:\/\/jdnd.mood.asso.fr\/equipe\/2021\/10\/12\/reunion-jdnd-2022\/","title":{"rendered":"R\u00e9union JDND 2022"},"content":{"rendered":"\n<p>Bonjour,<\/p>\n\n\n\n<p>Afin d\u2019organiser notre retour au parc de la Colombi\u00e8re le samedi 21 mai prochain, je vous convie \u00e0 la premi\u00e8re r\u00e9union de travail le <strong>Mardi 23 novembre \u00e0 14h30\u00a0\u00e0 la Maison des Associations, Grande salle du rez-de-chauss\u00e9e<\/strong>.<\/p>\n\n\n\n<ul class=\"wp-block-list\"><li>Th\u00e8me : anniversaire de la 15\u00e8me \u00e9dition<\/li><li>Partage des espaces \u2013 activit\u00e9s \u2013 mat\u00e9riel\u2026<\/li><\/ul>\n\n\n\n<p>Merci de me tenir inform\u00e9e de votre venue ou de votre absence \u00e0 cette rencontre.<\/p>\n\n\n\n<p>Bien chaleureusement,<\/p>\n\n\n\n<p>Marie-H\u00e9l\u00e8ne REMIGIUS<\/p>\n","protected":false},"excerpt":{"rendered":"<p>Bonjour, Afin d\u2019organiser notre retour au parc de la Colombi\u00e8re le samedi 21 mai prochain, je vous convie \u00e0 la premi\u00e8re r\u00e9union de travail le Mardi 23 novembre \u00e0 14h30\u00a0\u00e0 la Maison des Associations, Grande salle du rez-de-chauss\u00e9e. Th\u00e8me : anniversaire de la 15\u00e8me \u00e9dition Partage des espaces \u2013 activit\u00e9s \u2013 mat\u00e9riel\u2026 Merci de me [&hellip;]<\/p>\n","protected":false},"author":7,"featured_media":0,"comment_status":"open","ping_status":"open","sticky":false,"template":"","format":"standard","meta":{"_uag_custom_page_level_css":"","hide_page_title":"","footnotes":""},"categories":[9],"tags":[],"class_list":["post-812","post","type-post","status-publish","format-standard","hentry","category-jdnd2022"],"uagb_featured_image_src":{"full":false,"thumbnail":false,"medium":false,"medium_large":false,"large":false,"1536x1536":false,"2048x2048":false},"uagb_author_info":{"display_name":"Marie-H\u00e9l\u00e8ne Remigius","author_link":"https:\/\/jdnd.mood.asso.fr\/equipe\/author\/mhremigiusccas-dijon-fr\/"},"uagb_comment_info":0,"uagb_excerpt":"Bonjour, Afin d\u2019organiser notre retour au parc de la Colombi\u00e8re le samedi 21 mai prochain, je vous convie \u00e0 la premi\u00e8re r\u00e9union de travail le Mardi 23 novembre \u00e0 14h30\u00a0\u00e0 la Maison des Associations, Grande salle du rez-de-chauss\u00e9e. Th\u00e8me : anniversaire de la 15\u00e8me \u00e9dition Partage des espaces \u2013 activit\u00e9s \u2013 mat\u00e9riel\u2026 Merci de me\u2026","_links":{"self":[{"href":"https:\/\/jdnd.mood.asso.fr\/equipe\/wp-json\/wp\/v2\/posts\/812","targetHints":{"allow":["GET"]}}],"collection":[{"href":"https:\/\/jdnd.mood.asso.fr\/equipe\/wp-json\/wp\/v2\/posts"}],"about":[{"href":"https:\/\/jdnd.mood.asso.fr\/equipe\/wp-json\/wp\/v2\/types\/post"}],"author":[{"embeddable":true,"href":"https:\/\/jdnd.mood.asso.fr\/equipe\/wp-json\/wp\/v2\/users\/7"}],"replies":[{"embeddable":true,"href":"https:\/\/jdnd.mood.asso.fr\/equipe\/wp-json\/wp\/v2\/comments?post=812"}],"version-history":[{"count":2,"href":"https:\/\/jdnd.mood.asso.fr\/equipe\/wp-json\/wp\/v2\/posts\/812\/revisions"}],"predecessor-version":[{"id":814,"href":"https:\/\/jdnd.mood.asso.fr\/equipe\/wp-json\/wp\/v2\/posts\/812\/revisions\/814"}],"wp:attachment":[{"href":"https:\/\/jdnd.mood.asso.fr\/equipe\/wp-json\/wp\/v2\/media?parent=812"}],"wp:term":[{"taxonomy":"category","embeddable":true,"href":"https:\/\/jdnd.mood.asso.fr\/equipe\/wp-json\/wp\/v2\/categories?post=812"},{"taxonomy":"post_tag","embeddable":true,"href":"https:\/\/jdnd.mood.asso.fr\/equipe\/wp-json\/wp\/v2\/tags?post=812"}],"curies":[{"name":"wp","href":"https:\/\/api.w.org\/{rel}","templated":true}]}}