{"id":808,"date":"2021-06-30T16:51:31","date_gmt":"2021-06-30T14:51:31","guid":{"rendered":"https:\/\/jdnd.mood.asso.fr\/equipe\/?p=808"},"modified":"2021-06-30T16:51:31","modified_gmt":"2021-06-30T14:51:31","slug":"jdnd-15-ans-en-2022","status":"publish","type":"post","link":"https:\/\/jdnd.mood.asso.fr\/equipe\/2021\/06\/30\/jdnd-15-ans-en-2022\/","title":{"rendered":"JDND * 15 ans * en 2022"},"content":{"rendered":"\n<p>Bonjour,&nbsp;<\/p>\n\n\n\n<p>Les activit\u00e9s \u00e9v\u00e9nementielles reprennent avec plaisir et motivation.<\/p>\n\n\n\n<p>Nous pouvons, je l\u2019esp\u00e8re penser sereinement aux 15 ans de \u00ab\u00a0Jouons de nos diff\u00e9rences\u00a0\u00bb.<\/p>\n\n\n\n<p>Nous avons r\u00e9serv\u00e9 le parc de la Colombi\u00e8re pour le vendredi 20 mai pour les scolaires et <strong>samedi 21 mai 2022<\/strong> pour le grand public.<\/p>\n\n\n\n<p>J\u2019esp\u00e8re que vous \u00eates toujours pr\u00eats pour cette manifestation et attends vos r\u00e9ponses avec impatience.<\/p>\n\n\n\n<p>Une r\u00e9union de reprise de contact sera programm\u00e9e soit le mardi 23 novembre soit jeudi 25 novembre apr\u00e8s midi, en fonction des disponibilit\u00e9s de salle de la maison des associations.\u00a0<\/p>\n\n\n\n<p>Tr\u00e8s bonne journ\u00e9e \u00e0 toutes et tous.<\/p>\n\n\n\n<p>Bien chaleureusement<\/p>\n\n\n\n<p>Marie-H\u00e9l\u00e8ne REMIGIUS<\/p>\n","protected":false},"excerpt":{"rendered":"<p>Bonjour,&nbsp; Les activit\u00e9s \u00e9v\u00e9nementielles reprennent avec plaisir et motivation. Nous pouvons, je l\u2019esp\u00e8re penser sereinement aux 15 ans de \u00ab\u00a0Jouons de nos diff\u00e9rences\u00a0\u00bb. Nous avons r\u00e9serv\u00e9 le parc de la Colombi\u00e8re pour le vendredi 20 mai pour les scolaires et samedi 21 mai 2022 pour le grand public. J\u2019esp\u00e8re que vous \u00eates toujours pr\u00eats pour [&hellip;]<\/p>\n","protected":false},"author":7,"featured_media":0,"comment_status":"open","ping_status":"open","sticky":false,"template":"","format":"standard","meta":{"_uag_custom_page_level_css":"","hide_page_title":"","footnotes":""},"categories":[9],"tags":[],"class_list":["post-808","post","type-post","status-publish","format-standard","hentry","category-jdnd2022"],"uagb_featured_image_src":{"full":false,"thumbnail":false,"medium":false,"medium_large":false,"large":false,"1536x1536":false,"2048x2048":false},"uagb_author_info":{"display_name":"Marie-H\u00e9l\u00e8ne Remigius","author_link":"https:\/\/jdnd.mood.asso.fr\/equipe\/author\/mhremigiusccas-dijon-fr\/"},"uagb_comment_info":0,"uagb_excerpt":"Bonjour,&nbsp; Les activit\u00e9s \u00e9v\u00e9nementielles reprennent avec plaisir et motivation. Nous pouvons, je l\u2019esp\u00e8re penser sereinement aux 15 ans de \u00ab\u00a0Jouons de nos diff\u00e9rences\u00a0\u00bb. Nous avons r\u00e9serv\u00e9 le parc de la Colombi\u00e8re pour le vendredi 20 mai pour les scolaires et samedi 21 mai 2022 pour le grand public. J\u2019esp\u00e8re que vous \u00eates toujours pr\u00eats pour\u2026","_links":{"self":[{"href":"https:\/\/jdnd.mood.asso.fr\/equipe\/wp-json\/wp\/v2\/posts\/808","targetHints":{"allow":["GET"]}}],"collection":[{"href":"https:\/\/jdnd.mood.asso.fr\/equipe\/wp-json\/wp\/v2\/posts"}],"about":[{"href":"https:\/\/jdnd.mood.asso.fr\/equipe\/wp-json\/wp\/v2\/types\/post"}],"author":[{"embeddable":true,"href":"https:\/\/jdnd.mood.asso.fr\/equipe\/wp-json\/wp\/v2\/users\/7"}],"replies":[{"embeddable":true,"href":"https:\/\/jdnd.mood.asso.fr\/equipe\/wp-json\/wp\/v2\/comments?post=808"}],"version-history":[{"count":1,"href":"https:\/\/jdnd.mood.asso.fr\/equipe\/wp-json\/wp\/v2\/posts\/808\/revisions"}],"predecessor-version":[{"id":809,"href":"https:\/\/jdnd.mood.asso.fr\/equipe\/wp-json\/wp\/v2\/posts\/808\/revisions\/809"}],"wp:attachment":[{"href":"https:\/\/jdnd.mood.asso.fr\/equipe\/wp-json\/wp\/v2\/media?parent=808"}],"wp:term":[{"taxonomy":"category","embeddable":true,"href":"https:\/\/jdnd.mood.asso.fr\/equipe\/wp-json\/wp\/v2\/categories?post=808"},{"taxonomy":"post_tag","embeddable":true,"href":"https:\/\/jdnd.mood.asso.fr\/equipe\/wp-json\/wp\/v2\/tags?post=808"}],"curies":[{"name":"wp","href":"https:\/\/api.w.org\/{rel}","templated":true}]}}