{"id":775,"date":"2021-06-11T18:16:00","date_gmt":"2021-06-11T16:16:00","guid":{"rendered":"https:\/\/jdnd.mood.asso.fr\/equipe\/?p=775"},"modified":"2021-06-18T19:25:49","modified_gmt":"2021-06-18T17:25:49","slug":"video-du-11-06-pep","status":"publish","type":"post","link":"https:\/\/jdnd.mood.asso.fr\/equipe\/2021\/06\/11\/video-du-11-06-pep\/","title":{"rendered":"Vid\u00e9o du 11\/06 : PEP"},"content":{"rendered":"\n<div class=\"wp-block-group has-tertiary-background-color has-background\"><div class=\"wp-block-group__inner-container is-layout-flow wp-block-group-is-layout-flow\">\n<h3 class=\"wp-block-heading\">&#x1f333; La vid\u00e9o du jour ! &#x2600;&#xfe0f;<\/h3>\n\n\n\n<p>Aujourd&rsquo;hui, <strong>vendredi 11 juin<\/strong>, nous vous invitons \u00e0 <a href=\"https:\/\/www.jouonsdenosdifferences.fr\/partenaires\/pep-cbfc\/\" data-type=\"URL\" data-id=\"https:\/\/www.jouonsdenosdifferences.fr\/partenaires\/pep-cbfc\/\">faire des squats<\/a> avec Christophe et David.<\/p>\n\n\n\n<p><em>Vid\u00e9o dynamique r\u00e9alis\u00e9e par un kin\u00e9 et quelques enfants porteurs de handicap.<\/em><\/p>\n\n\n\n<p>Et pour finir, la question est :<br><strong><strong>\u00ab\u00a0Combien de squats a r\u00e9alis\u00e9 le premier petit gar\u00e7on de la vid\u00e9o ?\u00a0\u00bb<\/strong><\/strong><\/p>\n\n\n\n<p>&#x1f331;&#xfe0f; <a href=\"https:\/\/www.jouonsdenosdifferences.fr\/jouer\/formulaire\/\" data-type=\"page\" data-id=\"413\">R\u00e9pondez sur le formulaire<\/a> pour gagner un cadeau !<\/p>\n\n\n\n<figure class=\"wp-block-image size-large\"><img loading=\"lazy\" decoding=\"async\" width=\"1024\" height=\"640\" src=\"https:\/\/jdnd.mood.asso.fr\/equipe\/wp-content\/uploads\/jdnd2021-pepcbfc-david-squat-1024x640.jpg\" alt=\"\" class=\"wp-image-799\" srcset=\"https:\/\/jdnd.mood.asso.fr\/equipe\/wp-content\/uploads\/jdnd2021-pepcbfc-david-squat-1024x640.jpg 1024w, https:\/\/jdnd.mood.asso.fr\/equipe\/wp-content\/uploads\/jdnd2021-pepcbfc-david-squat-300x188.jpg 300w, https:\/\/jdnd.mood.asso.fr\/equipe\/wp-content\/uploads\/jdnd2021-pepcbfc-david-squat-768x480.jpg 768w, https:\/\/jdnd.mood.asso.fr\/equipe\/wp-content\/uploads\/jdnd2021-pepcbfc-david-squat.jpg 1280w\" sizes=\"auto, (max-width: 1024px) 100vw, 1024px\" \/><\/figure>\n\n\n\n<iframe loading=\"lazy\" src=\"https:\/\/www.facebook.com\/plugins\/post.php?href=https%3A%2F%2Fwww.facebook.com%2Fjouonsdenosdifferences%2Fposts%2F4899669050050351&amp;show_text=true&amp;width=500\" width=\"500\" height=\"490\" style=\"border:none;overflow:hidden\" scrolling=\"no\" frameborder=\"0\" allowfullscreen=\"true\" allow=\"autoplay; clipboard-write; encrypted-media; picture-in-picture; web-share\"><\/iframe>\n<\/div><\/div>\n","protected":false},"excerpt":{"rendered":"<p>&#x1f333; La vid\u00e9o du jour ! &#x2600;&#xfe0f; Aujourd&rsquo;hui, vendredi 11 juin, nous vous invitons \u00e0 faire des squats avec Christophe et David. Vid\u00e9o dynamique r\u00e9alis\u00e9e par un kin\u00e9 et quelques enfants porteurs de handicap. Et pour finir, la question est :\u00ab\u00a0Combien de squats a r\u00e9alis\u00e9 le premier petit gar\u00e7on de la vid\u00e9o ?\u00a0\u00bb &#x1f331;&#xfe0f; R\u00e9pondez [&hellip;]<\/p>\n","protected":false},"author":1,"featured_media":0,"comment_status":"open","ping_status":"open","sticky":false,"template":"","format":"standard","meta":{"_uag_custom_page_level_css":"","hide_page_title":"","footnotes":""},"categories":[5],"tags":[],"class_list":["post-775","post","type-post","status-publish","format-standard","hentry","category-jdnd2021-videodujour"],"uagb_featured_image_src":{"full":false,"thumbnail":false,"medium":false,"medium_large":false,"large":false,"1536x1536":false,"2048x2048":false},"uagb_author_info":{"display_name":"stefhan","author_link":"https:\/\/jdnd.mood.asso.fr\/equipe\/author\/stefhan\/"},"uagb_comment_info":0,"uagb_excerpt":"&#x1f333; La vid\u00e9o du jour ! &#x2600;&#xfe0f; Aujourd&rsquo;hui, vendredi 11 juin, nous vous invitons \u00e0 faire des squats avec Christophe et David. Vid\u00e9o dynamique r\u00e9alis\u00e9e par un kin\u00e9 et quelques enfants porteurs de handicap. Et pour finir, la question est :\u00ab\u00a0Combien de squats a r\u00e9alis\u00e9 le premier petit gar\u00e7on de la vid\u00e9o ?\u00a0\u00bb &#x1f331;&#xfe0f; R\u00e9pondez\u2026","_links":{"self":[{"href":"https:\/\/jdnd.mood.asso.fr\/equipe\/wp-json\/wp\/v2\/posts\/775","targetHints":{"allow":["GET"]}}],"collection":[{"href":"https:\/\/jdnd.mood.asso.fr\/equipe\/wp-json\/wp\/v2\/posts"}],"about":[{"href":"https:\/\/jdnd.mood.asso.fr\/equipe\/wp-json\/wp\/v2\/types\/post"}],"author":[{"embeddable":true,"href":"https:\/\/jdnd.mood.asso.fr\/equipe\/wp-json\/wp\/v2\/users\/1"}],"replies":[{"embeddable":true,"href":"https:\/\/jdnd.mood.asso.fr\/equipe\/wp-json\/wp\/v2\/comments?post=775"}],"version-history":[{"count":3,"href":"https:\/\/jdnd.mood.asso.fr\/equipe\/wp-json\/wp\/v2\/posts\/775\/revisions"}],"predecessor-version":[{"id":800,"href":"https:\/\/jdnd.mood.asso.fr\/equipe\/wp-json\/wp\/v2\/posts\/775\/revisions\/800"}],"wp:attachment":[{"href":"https:\/\/jdnd.mood.asso.fr\/equipe\/wp-json\/wp\/v2\/media?parent=775"}],"wp:term":[{"taxonomy":"category","embeddable":true,"href":"https:\/\/jdnd.mood.asso.fr\/equipe\/wp-json\/wp\/v2\/categories?post=775"},{"taxonomy":"post_tag","embeddable":true,"href":"https:\/\/jdnd.mood.asso.fr\/equipe\/wp-json\/wp\/v2\/tags?post=775"}],"curies":[{"name":"wp","href":"https:\/\/api.w.org\/{rel}","templated":true}]}}