{"id":746,"date":"2021-06-05T16:18:40","date_gmt":"2021-06-05T14:18:40","guid":{"rendered":"https:\/\/jdnd.mood.asso.fr\/equipe\/?p=746"},"modified":"2021-06-05T16:56:24","modified_gmt":"2021-06-05T14:56:24","slug":"video-du-05-06-les-chouettes-du-coeur","status":"publish","type":"post","link":"https:\/\/jdnd.mood.asso.fr\/equipe\/2021\/06\/05\/video-du-05-06-les-chouettes-du-coeur\/","title":{"rendered":"Vid\u00e9o du 05\/06 : Les Chouettes du Coeur"},"content":{"rendered":"\n<h5 class=\"wp-block-heading\">&#x1f333; La vid\u00e9o du jour ! &#x2600;&#xfe0f;<\/h5>\n\n\n\n<p>Aujourd&rsquo;hui, samedi 5 juin, nous vous invitons \u00e0 <a href=\"https:\/\/www.jouonsdenosdifferences.fr\/partenaires\/chouettes-du-coeur\/\" data-type=\"URL\" data-id=\"https:\/\/www.jouonsdenosdifferences.fr\/partenaires\/chouettes-du-coeur\/\" target=\"_blank\" rel=\"noreferrer noopener\">la rencontre de Prunelle et Cyb\u00e8le<\/a> avec Catherine, Hubert et Timoth\u00e9e.<\/p>\n\n\n\n<p>Ils vous proposent un envol vers l\u2019\u00e9motion avec les chouettes et leurs amis : d\u00e9couverte, observation et d\u00e9ploiement d\u2019ailes.<\/p>\n\n\n\n<p>Et pour finir, la question est :<br><strong>\u00ab\u00a0Quel est le m\u00e9tier de Timoth\u00e9e ?\u00a0\u00bb<\/strong><\/p>\n\n\n\n<p>&#x1f331;&#xfe0f; R\u00e9pondez <a href=\"https:\/\/www.jouonsdenosdifferences.fr\/jouer\/formulaire\/\" data-type=\"URL\" data-id=\"https:\/\/www.jouonsdenosdifferences.fr\/jouer\/formulaire\/\" target=\"_blank\" rel=\"noreferrer noopener\">sur le formulaire<\/a> pour gagner un cadeau !<\/p>\n\n\n\n<figure class=\"wp-block-image size-large\"><img loading=\"lazy\" decoding=\"async\" width=\"1024\" height=\"768\" src=\"https:\/\/jdnd.mood.asso.fr\/equipe\/wp-content\/uploads\/IMG_4967-stefhan-1024x768.jpg\" alt=\"\" class=\"wp-image-750\" srcset=\"https:\/\/jdnd.mood.asso.fr\/equipe\/wp-content\/uploads\/IMG_4967-stefhan-1024x768.jpg 1024w, https:\/\/jdnd.mood.asso.fr\/equipe\/wp-content\/uploads\/IMG_4967-stefhan-300x225.jpg 300w, https:\/\/jdnd.mood.asso.fr\/equipe\/wp-content\/uploads\/IMG_4967-stefhan-768x576.jpg 768w, https:\/\/jdnd.mood.asso.fr\/equipe\/wp-content\/uploads\/IMG_4967-stefhan.jpg 1200w\" sizes=\"auto, (max-width: 1024px) 100vw, 1024px\" \/><\/figure>\n\n\n\n<div class=\"wp-block-group has-tertiary-background-color has-background\"><div class=\"wp-block-group__inner-container is-layout-flow wp-block-group-is-layout-flow\">\n<iframe loading=\"lazy\" src=\"https:\/\/www.facebook.com\/plugins\/post.php?href=https%3A%2F%2Fwww.facebook.com%2Fjouonsdenosdifferences%2Fposts%2F4881921448491778&amp;show_text=true&amp;width=500\" width=\"500\" height=\"553\" style=\"border:none;overflow:hidden\" scrolling=\"no\" frameborder=\"0\" allowfullscreen=\"true\" allow=\"autoplay; clipboard-write; encrypted-media; picture-in-picture; web-share\"><\/iframe>\n<\/div><\/div>\n\n\n\n<p>Post Facebook \u00e0 partager :<br><a href=\"https:\/\/www.facebook.com\/jouonsdenosdifferences\/posts\/4875914752425781\">https:\/\/www.facebook.com\/jouonsdenosdifferences\/posts\/4875914752425781<\/a><\/p>\n","protected":false},"excerpt":{"rendered":"<p>&#x1f333; La vid\u00e9o du jour ! &#x2600;&#xfe0f; Aujourd&rsquo;hui, samedi 5 juin, nous vous invitons \u00e0 la rencontre de Prunelle et Cyb\u00e8le avec Catherine, Hubert et Timoth\u00e9e. Ils vous proposent un envol vers l\u2019\u00e9motion avec les chouettes et leurs amis : d\u00e9couverte, observation et d\u00e9ploiement d\u2019ailes. Et pour finir, la question est :\u00ab\u00a0Quel est le m\u00e9tier [&hellip;]<\/p>\n","protected":false},"author":1,"featured_media":0,"comment_status":"open","ping_status":"open","sticky":false,"template":"","format":"standard","meta":{"_uag_custom_page_level_css":"","hide_page_title":"","footnotes":""},"categories":[5],"tags":[],"class_list":["post-746","post","type-post","status-publish","format-standard","hentry","category-jdnd2021-videodujour"],"uagb_featured_image_src":{"full":false,"thumbnail":false,"medium":false,"medium_large":false,"large":false,"1536x1536":false,"2048x2048":false},"uagb_author_info":{"display_name":"stefhan","author_link":"https:\/\/jdnd.mood.asso.fr\/equipe\/author\/stefhan\/"},"uagb_comment_info":0,"uagb_excerpt":"&#x1f333; La vid\u00e9o du jour ! &#x2600;&#xfe0f; Aujourd&rsquo;hui, samedi 5 juin, nous vous invitons \u00e0 la rencontre de Prunelle et Cyb\u00e8le avec Catherine, Hubert et Timoth\u00e9e. Ils vous proposent un envol vers l\u2019\u00e9motion avec les chouettes et leurs amis : d\u00e9couverte, observation et d\u00e9ploiement d\u2019ailes. Et pour finir, la question est :\u00ab\u00a0Quel est le m\u00e9tier\u2026","_links":{"self":[{"href":"https:\/\/jdnd.mood.asso.fr\/equipe\/wp-json\/wp\/v2\/posts\/746","targetHints":{"allow":["GET"]}}],"collection":[{"href":"https:\/\/jdnd.mood.asso.fr\/equipe\/wp-json\/wp\/v2\/posts"}],"about":[{"href":"https:\/\/jdnd.mood.asso.fr\/equipe\/wp-json\/wp\/v2\/types\/post"}],"author":[{"embeddable":true,"href":"https:\/\/jdnd.mood.asso.fr\/equipe\/wp-json\/wp\/v2\/users\/1"}],"replies":[{"embeddable":true,"href":"https:\/\/jdnd.mood.asso.fr\/equipe\/wp-json\/wp\/v2\/comments?post=746"}],"version-history":[{"count":2,"href":"https:\/\/jdnd.mood.asso.fr\/equipe\/wp-json\/wp\/v2\/posts\/746\/revisions"}],"predecessor-version":[{"id":753,"href":"https:\/\/jdnd.mood.asso.fr\/equipe\/wp-json\/wp\/v2\/posts\/746\/revisions\/753"}],"wp:attachment":[{"href":"https:\/\/jdnd.mood.asso.fr\/equipe\/wp-json\/wp\/v2\/media?parent=746"}],"wp:term":[{"taxonomy":"category","embeddable":true,"href":"https:\/\/jdnd.mood.asso.fr\/equipe\/wp-json\/wp\/v2\/categories?post=746"},{"taxonomy":"post_tag","embeddable":true,"href":"https:\/\/jdnd.mood.asso.fr\/equipe\/wp-json\/wp\/v2\/tags?post=746"}],"curies":[{"name":"wp","href":"https:\/\/api.w.org\/{rel}","templated":true}]}}