{"id":736,"date":"2021-06-04T17:20:55","date_gmt":"2021-06-04T15:20:55","guid":{"rendered":"https:\/\/jdnd.mood.asso.fr\/equipe\/?p=736"},"modified":"2021-06-05T16:18:01","modified_gmt":"2021-06-05T14:18:01","slug":"video-du-04-06-pas-de-bras-pas-de-chocolat","status":"publish","type":"post","link":"https:\/\/jdnd.mood.asso.fr\/equipe\/2021\/06\/04\/video-du-04-06-pas-de-bras-pas-de-chocolat\/","title":{"rendered":"Vid\u00e9o du 04\/06 : Pas de bras, pas de chocolat"},"content":{"rendered":"\n<h5 class=\"wp-block-heading\">&#x1f333; La vid\u00e9o du jour ! &#x2600;&#xfe0f;<\/h5>\n\n\n\n<p>Aujourd&rsquo;hui, vendredi 4 juin, nous vous invitons \u00e0 d\u00e9couvrir la vid\u00e9o \u00ab\u00a0<a href=\"https:\/\/www.jouonsdenosdifferences.fr\/partenaires\/apf-france-handicap\/\" data-type=\"URL\" data-id=\"https:\/\/www.jouonsdenosdifferences.fr\/partenaires\/apf-france-handicap\/\" target=\"_blank\" rel=\"noreferrer noopener\">Pas de bras, pas de chocolat<\/a>\u00a0\u00bb avec Laure et Christophe.<\/p>\n\n\n\n<p><em>Les participants sont plac\u00e9s dans la peau d\u2019une personne t\u00e9trapl\u00e9gique, n\u2019ayant pas ou peu l\u2019usage de ses bras. Il leur est propos\u00e9 de dessiner un mot ou une situation sans s\u2019aider de leurs bras.A travers cet atelier ludique, ils d\u00e9couvrent la difficult\u00e9 que vivent ces personnes au quotidien et leurs possibilit\u00e9s et facult\u00e9s d\u2019adaptation.<\/em><\/p>\n\n\n\n<p>Et pour finir, la question est :<br><strong>\u00ab\u00a0Comment appelle-t-on une personne handicap\u00e9e des 4 membres ?\u00a0\u00bb<\/strong><\/p>\n\n\n\n<p>&#x1f331;&#xfe0f; R\u00e9pondez <a href=\"http:\/\/:https:\/\/www.jouonsdenosdifferences.fr\/jouer\/formulaire\/\" data-type=\"URL\" data-id=\":https:\/\/www.jouonsdenosdifferences.fr\/jouer\/formulaire\/\" target=\"_blank\" rel=\"noreferrer noopener\">sur le formulaire<\/a> pour gagner un cadeau !<\/p>\n\n\n\n<figure class=\"wp-block-image size-large\"><img loading=\"lazy\" decoding=\"async\" width=\"1024\" height=\"768\" src=\"https:\/\/jdnd.mood.asso.fr\/equipe\/wp-content\/uploads\/IMG_4779-stefhan-1024x768.jpg\" alt=\"\" class=\"wp-image-747\" srcset=\"https:\/\/jdnd.mood.asso.fr\/equipe\/wp-content\/uploads\/IMG_4779-stefhan-1024x768.jpg 1024w, https:\/\/jdnd.mood.asso.fr\/equipe\/wp-content\/uploads\/IMG_4779-stefhan-300x225.jpg 300w, https:\/\/jdnd.mood.asso.fr\/equipe\/wp-content\/uploads\/IMG_4779-stefhan-768x576.jpg 768w, https:\/\/jdnd.mood.asso.fr\/equipe\/wp-content\/uploads\/IMG_4779-stefhan.jpg 1200w\" sizes=\"auto, (max-width: 1024px) 100vw, 1024px\" \/><\/figure>\n\n\n\n<div class=\"wp-block-group has-tertiary-background-color has-background\"><div class=\"wp-block-group__inner-container is-layout-flow wp-block-group-is-layout-flow\">\n<iframe loading=\"lazy\" src=\"https:\/\/www.facebook.com\/plugins\/post.php?href=https%3A%2F%2Fwww.facebook.com%2Fjouonsdenosdifferences%2Fposts%2F4879145138769409&amp;show_text=true&amp;width=500\" width=\"500\" height=\"256\" style=\"border:none;overflow:hidden\" scrolling=\"no\" frameborder=\"0\" allowfullscreen=\"true\" allow=\"autoplay; clipboard-write; encrypted-media; picture-in-picture; web-share\"><\/iframe>\n<\/div><\/div>\n","protected":false},"excerpt":{"rendered":"<p>&#x1f333; La vid\u00e9o du jour ! &#x2600;&#xfe0f; Aujourd&rsquo;hui, vendredi 4 juin, nous vous invitons \u00e0 d\u00e9couvrir la vid\u00e9o \u00ab\u00a0Pas de bras, pas de chocolat\u00a0\u00bb avec Laure et Christophe. Les participants sont plac\u00e9s dans la peau d\u2019une personne t\u00e9trapl\u00e9gique, n\u2019ayant pas ou peu l\u2019usage de ses bras. Il leur est propos\u00e9 de dessiner un mot ou [&hellip;]<\/p>\n","protected":false},"author":1,"featured_media":0,"comment_status":"open","ping_status":"open","sticky":false,"template":"","format":"standard","meta":{"_uag_custom_page_level_css":"","hide_page_title":"","footnotes":""},"categories":[5],"tags":[],"class_list":["post-736","post","type-post","status-publish","format-standard","hentry","category-jdnd2021-videodujour"],"uagb_featured_image_src":{"full":false,"thumbnail":false,"medium":false,"medium_large":false,"large":false,"1536x1536":false,"2048x2048":false},"uagb_author_info":{"display_name":"stefhan","author_link":"https:\/\/jdnd.mood.asso.fr\/equipe\/author\/stefhan\/"},"uagb_comment_info":0,"uagb_excerpt":"&#x1f333; La vid\u00e9o du jour ! &#x2600;&#xfe0f; Aujourd&rsquo;hui, vendredi 4 juin, nous vous invitons \u00e0 d\u00e9couvrir la vid\u00e9o \u00ab\u00a0Pas de bras, pas de chocolat\u00a0\u00bb avec Laure et Christophe. Les participants sont plac\u00e9s dans la peau d\u2019une personne t\u00e9trapl\u00e9gique, n\u2019ayant pas ou peu l\u2019usage de ses bras. Il leur est propos\u00e9 de dessiner un mot ou\u2026","_links":{"self":[{"href":"https:\/\/jdnd.mood.asso.fr\/equipe\/wp-json\/wp\/v2\/posts\/736","targetHints":{"allow":["GET"]}}],"collection":[{"href":"https:\/\/jdnd.mood.asso.fr\/equipe\/wp-json\/wp\/v2\/posts"}],"about":[{"href":"https:\/\/jdnd.mood.asso.fr\/equipe\/wp-json\/wp\/v2\/types\/post"}],"author":[{"embeddable":true,"href":"https:\/\/jdnd.mood.asso.fr\/equipe\/wp-json\/wp\/v2\/users\/1"}],"replies":[{"embeddable":true,"href":"https:\/\/jdnd.mood.asso.fr\/equipe\/wp-json\/wp\/v2\/comments?post=736"}],"version-history":[{"count":5,"href":"https:\/\/jdnd.mood.asso.fr\/equipe\/wp-json\/wp\/v2\/posts\/736\/revisions"}],"predecessor-version":[{"id":749,"href":"https:\/\/jdnd.mood.asso.fr\/equipe\/wp-json\/wp\/v2\/posts\/736\/revisions\/749"}],"wp:attachment":[{"href":"https:\/\/jdnd.mood.asso.fr\/equipe\/wp-json\/wp\/v2\/media?parent=736"}],"wp:term":[{"taxonomy":"category","embeddable":true,"href":"https:\/\/jdnd.mood.asso.fr\/equipe\/wp-json\/wp\/v2\/categories?post=736"},{"taxonomy":"post_tag","embeddable":true,"href":"https:\/\/jdnd.mood.asso.fr\/equipe\/wp-json\/wp\/v2\/tags?post=736"}],"curies":[{"name":"wp","href":"https:\/\/api.w.org\/{rel}","templated":true}]}}