{"id":731,"date":"2021-06-03T16:02:35","date_gmt":"2021-06-03T14:02:35","guid":{"rendered":"https:\/\/jdnd.mood.asso.fr\/equipe\/?p=731"},"modified":"2021-06-04T17:25:00","modified_gmt":"2021-06-04T15:25:00","slug":"video-du-03-06","status":"publish","type":"post","link":"https:\/\/jdnd.mood.asso.fr\/equipe\/2021\/06\/03\/video-du-03-06\/","title":{"rendered":"Vid\u00e9o du 03\/06 : Audiodescription"},"content":{"rendered":"\n<h5 class=\"wp-block-heading\">&#x1f333; La vid\u00e9o du jour ! &#x2600;&#xfe0f;<\/h5>\n\n\n\n<p>Aujourd&rsquo;hui, <strong>jeudi 3 juin<\/strong>, nous vous invitons \u00e0 <a href=\"https:\/\/www.jouonsdenosdifferences.fr\/partenaires\/werver-audiodescription\/\">d\u00e9couvrir une oeuvre d\u2019art les yeux ferm\u00e9s<\/a> avec V\u00e9ronique Werver accompagn\u00e9e de Philippe.<\/p>\n\n\n\n<p>L&rsquo;oeuvre d&rsquo;art en question est une photographie de Roxanne Gauthier dans le cadre du projet \u00ab\u00a0D&rsquo;Eux \u00e0 deux\u00a0\u00bb de l&rsquo;Acod\u00e8ge Espace Socioculturel.<\/p>\n\n\n\n<p>Et pour finir, la question est :<br><strong>\u00ab\u00a0Comment s&rsquo;appelle la technique qui permet de d\u00e9crire \u00e0 l&rsquo;oral ce qu&rsquo;on ne voit pas ?\u00a0\u00bb<\/strong><\/p>\n\n\n\n<p>&#x1f331;&#xfe0f; R\u00e9pondez sur le formulaire pour gagner un cadeau :<\/p>\n\n\n\n<p>Post Facebook \u00e0 partager :<br><a href=\"https:\/\/www.facebook.com\/jouonsdenosdifferences\/posts\/4875914752425781\">https:\/\/www.facebook.com\/jouonsdenosdifferences\/posts\/4875914752425781<\/a><\/p>\n\n\n\n<div class=\"wp-block-group has-tertiary-background-color has-background\"><div class=\"wp-block-group__inner-container is-layout-flow wp-block-group-is-layout-flow\">\n<iframe loading=\"lazy\" src=\"https:\/\/www.facebook.com\/plugins\/post.php?href=https%3A%2F%2Fwww.facebook.com%2Fjouonsdenosdifferences%2Fposts%2F4875914752425781&#038;show_text=true&#038;width=500\" width=\"500\" height=\"256\" style=\"border:none;overflow:hidden\" scrolling=\"no\" frameborder=\"0\" allowfullscreen=\"true\" allow=\"autoplay; clipboard-write; encrypted-media; picture-in-picture; web-share\"><\/iframe>\n<\/div><\/div>\n","protected":false},"excerpt":{"rendered":"<p>&#x1f333; La vid\u00e9o du jour ! &#x2600;&#xfe0f; Aujourd&rsquo;hui, jeudi 3 juin, nous vous invitons \u00e0 d\u00e9couvrir une oeuvre d\u2019art les yeux ferm\u00e9s avec V\u00e9ronique Werver accompagn\u00e9e de Philippe. L&rsquo;oeuvre d&rsquo;art en question est une photographie de Roxanne Gauthier dans le cadre du projet \u00ab\u00a0D&rsquo;Eux \u00e0 deux\u00a0\u00bb de l&rsquo;Acod\u00e8ge Espace Socioculturel. Et pour finir, la question [&hellip;]<\/p>\n","protected":false},"author":1,"featured_media":0,"comment_status":"open","ping_status":"open","sticky":false,"template":"","format":"standard","meta":{"_uag_custom_page_level_css":"","hide_page_title":"","footnotes":""},"categories":[5],"tags":[],"class_list":["post-731","post","type-post","status-publish","format-standard","hentry","category-jdnd2021-videodujour"],"uagb_featured_image_src":{"full":false,"thumbnail":false,"medium":false,"medium_large":false,"large":false,"1536x1536":false,"2048x2048":false},"uagb_author_info":{"display_name":"stefhan","author_link":"https:\/\/jdnd.mood.asso.fr\/equipe\/author\/stefhan\/"},"uagb_comment_info":0,"uagb_excerpt":"&#x1f333; La vid\u00e9o du jour ! &#x2600;&#xfe0f; Aujourd&rsquo;hui, jeudi 3 juin, nous vous invitons \u00e0 d\u00e9couvrir une oeuvre d\u2019art les yeux ferm\u00e9s avec V\u00e9ronique Werver accompagn\u00e9e de Philippe. L&rsquo;oeuvre d&rsquo;art en question est une photographie de Roxanne Gauthier dans le cadre du projet \u00ab\u00a0D&rsquo;Eux \u00e0 deux\u00a0\u00bb de l&rsquo;Acod\u00e8ge Espace Socioculturel. Et pour finir, la question\u2026","_links":{"self":[{"href":"https:\/\/jdnd.mood.asso.fr\/equipe\/wp-json\/wp\/v2\/posts\/731","targetHints":{"allow":["GET"]}}],"collection":[{"href":"https:\/\/jdnd.mood.asso.fr\/equipe\/wp-json\/wp\/v2\/posts"}],"about":[{"href":"https:\/\/jdnd.mood.asso.fr\/equipe\/wp-json\/wp\/v2\/types\/post"}],"author":[{"embeddable":true,"href":"https:\/\/jdnd.mood.asso.fr\/equipe\/wp-json\/wp\/v2\/users\/1"}],"replies":[{"embeddable":true,"href":"https:\/\/jdnd.mood.asso.fr\/equipe\/wp-json\/wp\/v2\/comments?post=731"}],"version-history":[{"count":4,"href":"https:\/\/jdnd.mood.asso.fr\/equipe\/wp-json\/wp\/v2\/posts\/731\/revisions"}],"predecessor-version":[{"id":743,"href":"https:\/\/jdnd.mood.asso.fr\/equipe\/wp-json\/wp\/v2\/posts\/731\/revisions\/743"}],"wp:attachment":[{"href":"https:\/\/jdnd.mood.asso.fr\/equipe\/wp-json\/wp\/v2\/media?parent=731"}],"wp:term":[{"taxonomy":"category","embeddable":true,"href":"https:\/\/jdnd.mood.asso.fr\/equipe\/wp-json\/wp\/v2\/categories?post=731"},{"taxonomy":"post_tag","embeddable":true,"href":"https:\/\/jdnd.mood.asso.fr\/equipe\/wp-json\/wp\/v2\/tags?post=731"}],"curies":[{"name":"wp","href":"https:\/\/api.w.org\/{rel}","templated":true}]}}