{"id":421,"date":"2021-02-08T16:33:00","date_gmt":"2021-02-08T15:33:00","guid":{"rendered":"https:\/\/jdnd.mood.asso.fr\/equipe\/?p=421"},"modified":"2021-06-05T16:32:19","modified_gmt":"2021-06-05T14:32:19","slug":"edition-2021-reportee","status":"publish","type":"post","link":"https:\/\/jdnd.mood.asso.fr\/equipe\/2021\/02\/08\/edition-2021-reportee\/","title":{"rendered":"\u00c9dition 2021 en ligne"},"content":{"rendered":"\n<p>Bonjour,<\/p>\n\n\n\n<p>Apr\u00e8s un d\u00e9but d&rsquo;ann\u00e9e d&rsquo;interrogations sur nos objectifs de l&rsquo;ann\u00e9e, il a \u00e9t\u00e9 pris la d\u00e9cision d&rsquo;annuler la manifestation JOUONS DE NOS DIFFERENCES 2021. Nous organiserons la<strong> 15\u00e8me \u00e9dition de JDND en mai 2022<\/strong>.<\/p>\n\n\n\n<p>En attendant cette rencontre, on pourrait imaginer une nouvelle action sur le handicap \u00e0 destination du grand public mais sans rassemblement. Par exemple : jeu (cartes remises dans les commerces, dans les \u00e9coles\u2026), publications ? J&rsquo;avoue que le d\u00e9fi est de taille et que je compte aussi sur vous pour donner des id\u00e9es.<\/p>\n\n\n\n<p>Afin d&rsquo;\u00e9viter des r\u00e9unions au CCAS, nous pourrions nous retrouver &nbsp;sur TEAMS pour r\u00e9fl\u00e9chir ensemble ? Qui souhaiterait &nbsp;y participer ? Je vous propose une r\u00e9union num\u00e9rique le <strong>mardi 23 f\u00e9vrier \u00e0 14h<\/strong>. Pour celles et ceux qui ne \u00ab\u00a0sont pas num\u00e9rique\u00a0\u00bb, vous pouvez bien \u00e9videmment me t\u00e9l\u00e9phoner ou m&rsquo;envoyer vos id\u00e9es d&rsquo;actions handicap par mail.<\/p>\n\n\n\n<p>Pour revenir \u00e0 JDND, la pr\u00e9paration et la journ\u00e9e me manquent, notre r\u00e9seau, nos contacts me manquent. J&rsquo;esp\u00e8re sinc\u00e8rement que cette deuxi\u00e8me annulation n&rsquo;aura pas d&rsquo;impact sur votre motivation et votre implication, toujours tellement fortes, pour 2022.<\/p>\n\n\n\n<p>Le principal aujourd&rsquo;hui est de rester en bonne sant\u00e9 et de r\u00e9sister \u00e0 cette affreuse \u00ab\u00a0petite b\u00eate\u00a0\u00bb qui est source de tellement de stress, d&rsquo;isolement, de d\u00e9prime et parfois malheureusement de tellement de tristesse.<\/p>\n\n\n\n<p>Je vous souhaite \u00e0 tous d&rsquo;\u00eatre forts pour mieux se retrouver plus tard.<br>J&rsquo;attends de vos nouvelles pour penser une action Handicap diff\u00e9rente.<\/p>\n\n\n\n<p>Je vous remercie et tr\u00e8s belle semaine \u00e0 vous.<\/p>\n\n\n\n<p>Marie-H\u00e9l\u00e8ne<\/p>\n","protected":false},"excerpt":{"rendered":"<p>Bonjour, Apr\u00e8s un d\u00e9but d&rsquo;ann\u00e9e d&rsquo;interrogations sur nos objectifs de l&rsquo;ann\u00e9e, il a \u00e9t\u00e9 pris la d\u00e9cision d&rsquo;annuler la manifestation JOUONS DE NOS DIFFERENCES 2021. Nous organiserons la 15\u00e8me \u00e9dition de JDND en mai 2022. En attendant cette rencontre, on pourrait imaginer une nouvelle action sur le handicap \u00e0 destination du grand public mais sans [&hellip;]<\/p>\n","protected":false},"author":7,"featured_media":0,"comment_status":"open","ping_status":"open","sticky":false,"template":"","format":"standard","meta":{"_uag_custom_page_level_css":"","hide_page_title":"","footnotes":""},"categories":[4],"tags":[],"class_list":["post-421","post","type-post","status-publish","format-standard","hentry","category-jdnd2021"],"uagb_featured_image_src":{"full":false,"thumbnail":false,"medium":false,"medium_large":false,"large":false,"1536x1536":false,"2048x2048":false},"uagb_author_info":{"display_name":"Marie-H\u00e9l\u00e8ne Remigius","author_link":"https:\/\/jdnd.mood.asso.fr\/equipe\/author\/mhremigiusccas-dijon-fr\/"},"uagb_comment_info":0,"uagb_excerpt":"Bonjour, Apr\u00e8s un d\u00e9but d&rsquo;ann\u00e9e d&rsquo;interrogations sur nos objectifs de l&rsquo;ann\u00e9e, il a \u00e9t\u00e9 pris la d\u00e9cision d&rsquo;annuler la manifestation JOUONS DE NOS DIFFERENCES 2021. Nous organiserons la 15\u00e8me \u00e9dition de JDND en mai 2022. En attendant cette rencontre, on pourrait imaginer une nouvelle action sur le handicap \u00e0 destination du grand public mais sans\u2026","_links":{"self":[{"href":"https:\/\/jdnd.mood.asso.fr\/equipe\/wp-json\/wp\/v2\/posts\/421","targetHints":{"allow":["GET"]}}],"collection":[{"href":"https:\/\/jdnd.mood.asso.fr\/equipe\/wp-json\/wp\/v2\/posts"}],"about":[{"href":"https:\/\/jdnd.mood.asso.fr\/equipe\/wp-json\/wp\/v2\/types\/post"}],"author":[{"embeddable":true,"href":"https:\/\/jdnd.mood.asso.fr\/equipe\/wp-json\/wp\/v2\/users\/7"}],"replies":[{"embeddable":true,"href":"https:\/\/jdnd.mood.asso.fr\/equipe\/wp-json\/wp\/v2\/comments?post=421"}],"version-history":[{"count":8,"href":"https:\/\/jdnd.mood.asso.fr\/equipe\/wp-json\/wp\/v2\/posts\/421\/revisions"}],"predecessor-version":[{"id":479,"href":"https:\/\/jdnd.mood.asso.fr\/equipe\/wp-json\/wp\/v2\/posts\/421\/revisions\/479"}],"wp:attachment":[{"href":"https:\/\/jdnd.mood.asso.fr\/equipe\/wp-json\/wp\/v2\/media?parent=421"}],"wp:term":[{"taxonomy":"category","embeddable":true,"href":"https:\/\/jdnd.mood.asso.fr\/equipe\/wp-json\/wp\/v2\/categories?post=421"},{"taxonomy":"post_tag","embeddable":true,"href":"https:\/\/jdnd.mood.asso.fr\/equipe\/wp-json\/wp\/v2\/tags?post=421"}],"curies":[{"name":"wp","href":"https:\/\/api.w.org\/{rel}","templated":true}]}}