{"id":395,"date":"2020-04-02T13:03:00","date_gmt":"2020-04-02T11:03:00","guid":{"rendered":"https:\/\/jdnd.mood.asso.fr\/equipe\/?p=395"},"modified":"2021-06-05T16:28:15","modified_gmt":"2021-06-05T14:28:15","slug":"jdnd-annulee","status":"publish","type":"post","link":"https:\/\/jdnd.mood.asso.fr\/equipe\/2020\/04\/02\/jdnd-annulee\/","title":{"rendered":"JDND 2020 annul\u00e9e"},"content":{"rendered":"\n<p>Bonjour \u00e0 tous,<\/p>\n\n\n\n<p>JDND est annul\u00e9e le 16 mai et au vu de tout ce qui se passe, je me pose la question du maintien de JDND.<\/p>\n\n\n\n<p>Pour le 13 Juin, plusieurs associations ont d\u00e9j\u00e0 r\u00e9pondu n\u00e9gativement, soit parce qu&rsquo;elles sont prises par ailleurs, soit parce que les b\u00e9n\u00e9voles sont moins nombreux en juin (vacances) SOIT aussi par inqui\u00e9tude sur cet \u00e9v\u00e9nement qui attire de nombreux participants (avec un virus peut \u00eatre toujours pr\u00e9sent).<\/p>\n\n\n\n<p>Nous pourrions, ensemble f\u00eater les 15 ans en 2021, sans stress, et tous en bonne sant\u00e9, qu&rsquo;en pensez vous ?<\/p>\n\n\n\n<p>Je vous esp\u00e8re en forme.<\/p>\n\n\n\n<p>Continuez de prendre soin de vous et de vos proches.<\/p>\n\n\n\n<p>Belle journ\u00e9e,<\/p>\n\n\n\n<p>Marie-H\u00e9l\u00e8ne<\/p>\n","protected":false},"excerpt":{"rendered":"<p>Bonjour \u00e0 tous, JDND est annul\u00e9e le 16 mai et au vu de tout ce qui se passe, je me pose la question du maintien de JDND. Pour le 13 Juin, plusieurs associations ont d\u00e9j\u00e0 r\u00e9pondu n\u00e9gativement, soit parce qu&rsquo;elles sont prises par ailleurs, soit parce que les b\u00e9n\u00e9voles sont moins nombreux en juin (vacances) [&hellip;]<\/p>\n","protected":false},"author":7,"featured_media":0,"comment_status":"open","ping_status":"open","sticky":false,"template":"","format":"standard","meta":{"_uag_custom_page_level_css":"","hide_page_title":"","footnotes":""},"categories":[6],"tags":[],"class_list":["post-395","post","type-post","status-publish","format-standard","hentry","category-jdnd2020"],"uagb_featured_image_src":{"full":false,"thumbnail":false,"medium":false,"medium_large":false,"large":false,"1536x1536":false,"2048x2048":false},"uagb_author_info":{"display_name":"Marie-H\u00e9l\u00e8ne Remigius","author_link":"https:\/\/jdnd.mood.asso.fr\/equipe\/author\/mhremigiusccas-dijon-fr\/"},"uagb_comment_info":0,"uagb_excerpt":"Bonjour \u00e0 tous, JDND est annul\u00e9e le 16 mai et au vu de tout ce qui se passe, je me pose la question du maintien de JDND. Pour le 13 Juin, plusieurs associations ont d\u00e9j\u00e0 r\u00e9pondu n\u00e9gativement, soit parce qu&rsquo;elles sont prises par ailleurs, soit parce que les b\u00e9n\u00e9voles sont moins nombreux en juin (vacances)\u2026","_links":{"self":[{"href":"https:\/\/jdnd.mood.asso.fr\/equipe\/wp-json\/wp\/v2\/posts\/395","targetHints":{"allow":["GET"]}}],"collection":[{"href":"https:\/\/jdnd.mood.asso.fr\/equipe\/wp-json\/wp\/v2\/posts"}],"about":[{"href":"https:\/\/jdnd.mood.asso.fr\/equipe\/wp-json\/wp\/v2\/types\/post"}],"author":[{"embeddable":true,"href":"https:\/\/jdnd.mood.asso.fr\/equipe\/wp-json\/wp\/v2\/users\/7"}],"replies":[{"embeddable":true,"href":"https:\/\/jdnd.mood.asso.fr\/equipe\/wp-json\/wp\/v2\/comments?post=395"}],"version-history":[{"count":6,"href":"https:\/\/jdnd.mood.asso.fr\/equipe\/wp-json\/wp\/v2\/posts\/395\/revisions"}],"predecessor-version":[{"id":485,"href":"https:\/\/jdnd.mood.asso.fr\/equipe\/wp-json\/wp\/v2\/posts\/395\/revisions\/485"}],"wp:attachment":[{"href":"https:\/\/jdnd.mood.asso.fr\/equipe\/wp-json\/wp\/v2\/media?parent=395"}],"wp:term":[{"taxonomy":"category","embeddable":true,"href":"https:\/\/jdnd.mood.asso.fr\/equipe\/wp-json\/wp\/v2\/categories?post=395"},{"taxonomy":"post_tag","embeddable":true,"href":"https:\/\/jdnd.mood.asso.fr\/equipe\/wp-json\/wp\/v2\/tags?post=395"}],"curies":[{"name":"wp","href":"https:\/\/api.w.org\/{rel}","templated":true}]}}